{"id":898,"date":"2025-04-05T18:37:06","date_gmt":"2025-04-05T16:37:06","guid":{"rendered":"https:\/\/www.cafdo.africa\/?p=898"},"modified":"2025-04-09T18:59:27","modified_gmt":"2025-04-09T16:59:27","slug":"notre-participation-au-sommet-global-de-lintelligence-artificielle-sur-lafrique-a-kigali","status":"publish","type":"post","link":"https:\/\/www.cafdo.africa\/?p=898","title":{"rendered":"Notre participation au Sommet Global de l\u2019Intelligence Artificielle sur l\u2019Afrique \u00e0 Kigali"},"content":{"rendered":"\n<p>Le <strong>Global Summit on AI in Africa<\/strong> a eu lieu \u00e0 Kigali, au Rwanda, du <strong>3 au 4 avril 2025<\/strong>. Cet \u00e9v\u00e9nement d\u2019envergure internationale r\u00e9unit des <strong>experts<\/strong>, <strong>innovateurs<\/strong> et <strong>d\u00e9cideurs<\/strong>  pour explorer les opportunit\u00e9s et les d\u00e9fis li\u00e9s au d\u00e9veloppement de l\u2019<strong>intelligence artificielle (IA)<\/strong> en Afrique.<\/p>\n\n\n\n<p>Nous avons \u00e9t\u00e9 fi\u00e8rement repr\u00e9sent\u00e9s \u00e0 ce sommet strat\u00e9gique par :<\/p>\n\n\n\n<ul class=\"wp-block-list\">\n<li><strong>Madame Nnenna Nwakanma<\/strong>, membre de notre <strong>Conseil consultatif<\/strong>, <\/li>\n\n\n\n<li> <strong>Monsieur Teg-Wende Idriss Tinto<\/strong>, notre <strong>Coordinateur<\/strong>.<\/li>\n<\/ul>\n\n\n\n<p>Le constat \u00e9tablit par Mme Nnenna Nwakanma lors du sommet, son message est clair et un appel \u00e0 l&rsquo;action:<\/p>\n\n\n\n<p><em>\u00ab\u00a0J\u2019ai pris plaisir \u00e0 constater que la question des donn\u00e9es demeure la pierre angulaire pour l\u2019\u00e9volution de l\u2019intelligence artificielle. Le gros pourcentage des donn\u00e9es avec lesquelles l\u2019IA s&rsquo;entra\u00eene provient des donn\u00e9es dans le domaine public. En d&rsquo;autres termes, plus nous avons des donn\u00e9es ouvertes, mieux l\u2019intelligence artificielle se porte.\u00a0\u00bb<\/em><\/p>\n\n\n\n<figure class=\"wp-block-image size-large is-resized\"><img loading=\"lazy\" decoding=\"async\" width=\"1024\" height=\"884\" src=\"https:\/\/www.cafdo.africa\/wp-content\/uploads\/2025\/04\/constat-nnenna-1024x884.jpg\" alt=\"\" class=\"wp-image-900\" style=\"width:386px;height:auto\" srcset=\"https:\/\/www.cafdo.africa\/wp-content\/uploads\/2025\/04\/constat-nnenna-1024x884.jpg 1024w, https:\/\/www.cafdo.africa\/wp-content\/uploads\/2025\/04\/constat-nnenna-980x846.jpg 980w, https:\/\/www.cafdo.africa\/wp-content\/uploads\/2025\/04\/constat-nnenna-480x415.jpg 480w\" sizes=\"auto, (min-width: 0px) and (max-width: 480px) 480px, (min-width: 481px) and (max-width: 980px) 980px, (min-width: 981px) 1024px, 100vw\" \/><\/figure>\n\n\n\n<p>Ce constat met en lumi\u00e8re le <strong>r\u00f4le strat\u00e9gique de l\u2019ouverture des donn\u00e9es<\/strong> pour garantir une IA \u00e9thique, inclusive et adapt\u00e9e aux r\u00e9alit\u00e9s africaines.En renfor\u00e7ant l\u2019acc\u00e8s \u00e0 l\u2019information, en stimulant la recherche locale et en favorisant l\u2019innovation, les <strong>donn\u00e9es ouvertes<\/strong> deviennent un levier essentiel pour relever les d\u00e9fis du continent \u00e0 travers des solutions technologiques pertinentes.<\/p>\n","protected":false},"excerpt":{"rendered":"<p>Le Global Summit on AI in Africa a eu lieu \u00e0 Kigali, au Rwanda, du 3 au 4 avril 2025. Cet \u00e9v\u00e9nement d\u2019envergure internationale r\u00e9unit des experts, innovateurs et d\u00e9cideurs pour explorer les opportunit\u00e9s et les d\u00e9fis li\u00e9s au d\u00e9veloppement de l\u2019intelligence artificielle (IA) en Afrique. Nous avons \u00e9t\u00e9 fi\u00e8rement repr\u00e9sent\u00e9s \u00e0 ce sommet strat\u00e9gique [&hellip;]<\/p>\n","protected":false},"author":2,"featured_media":899,"comment_status":"closed","ping_status":"closed","sticky":false,"template":"","format":"standard","meta":{"_et_pb_use_builder":"off","_et_pb_old_content":"","_et_gb_content_width":"","footnotes":""},"categories":[5],"tags":[78,46,38,76,77,34],"class_list":["post-898","post","type-post","status-publish","format-standard","has-post-thumbnail","hentry","category-blog","tag-aisummitafrica","tag-cafdo","tag-donneesouvertes-2","tag-ia","tag-iapourlafrique","tag-opendata"],"_links":{"self":[{"href":"https:\/\/www.cafdo.africa\/index.php?rest_route=\/wp\/v2\/posts\/898","targetHints":{"allow":["GET"]}}],"collection":[{"href":"https:\/\/www.cafdo.africa\/index.php?rest_route=\/wp\/v2\/posts"}],"about":[{"href":"https:\/\/www.cafdo.africa\/index.php?rest_route=\/wp\/v2\/types\/post"}],"author":[{"embeddable":true,"href":"https:\/\/www.cafdo.africa\/index.php?rest_route=\/wp\/v2\/users\/2"}],"replies":[{"embeddable":true,"href":"https:\/\/www.cafdo.africa\/index.php?rest_route=%2Fwp%2Fv2%2Fcomments&post=898"}],"version-history":[{"count":1,"href":"https:\/\/www.cafdo.africa\/index.php?rest_route=\/wp\/v2\/posts\/898\/revisions"}],"predecessor-version":[{"id":901,"href":"https:\/\/www.cafdo.africa\/index.php?rest_route=\/wp\/v2\/posts\/898\/revisions\/901"}],"wp:featuredmedia":[{"embeddable":true,"href":"https:\/\/www.cafdo.africa\/index.php?rest_route=\/wp\/v2\/media\/899"}],"wp:attachment":[{"href":"https:\/\/www.cafdo.africa\/index.php?rest_route=%2Fwp%2Fv2%2Fmedia&parent=898"}],"wp:term":[{"taxonomy":"category","embeddable":true,"href":"https:\/\/www.cafdo.africa\/index.php?rest_route=%2Fwp%2Fv2%2Fcategories&post=898"},{"taxonomy":"post_tag","embeddable":true,"href":"https:\/\/www.cafdo.africa\/index.php?rest_route=%2Fwp%2Fv2%2Ftags&post=898"}],"curies":[{"name":"wp","href":"https:\/\/api.w.org\/{rel}","templated":true}]}}