{"id":892,"date":"2025-04-09T17:46:28","date_gmt":"2025-04-09T15:46:28","guid":{"rendered":"https:\/\/www.cafdo.africa\/?p=892"},"modified":"2025-04-11T13:50:34","modified_gmt":"2025-04-11T11:50:34","slug":"certification-en-ouverture-des-donnees-felicitations-aux-candidats-retenus","status":"publish","type":"post","link":"https:\/\/www.cafdo.africa\/?p=892","title":{"rendered":"Certification en ouverture des donn\u00e9es: f\u00e9licitations aux candidats retenus !"},"content":{"rendered":"\n<p>En collaboration avec<a href=\"https:\/\/uv.bf\/\"> l\u2019Universit\u00e9 virtuelle du Burkina Faso<\/a>, nous sommes ravis d\u2019annoncer les r\u00e9sultats des candidatures pour la formation certifiante sur l\u2019ouverture des donn\u00e9es, organis\u00e9e dans le cadre de notre engagement \u00e0 renforcer les capacit\u00e9s des acteurs francophones en mati\u00e8re de donn\u00e9es ouvertes.<\/p>\n\n\n\n<h2 class=\"wp-block-heading\"><strong>Une mobilisation remarquable<\/strong><\/h2>\n\n\n\n<p><\/p>\n\n\n\n<p>L\u2019appel \u00e0 candidatures a suscit\u00e9 un vif int\u00e9r\u00eat, avec <strong>498 candidatures<\/strong> re\u00e7ues de <strong>26 pays<\/strong> ( Burkina Faso, B\u00e9nin, C\u00f4te d&rsquo;Ivoire, Cameroun, Mali, Niger, S\u00e9n\u00e9gal, Togo, Madagascar, Guin\u00e9e, R\u00e9publique D\u00e9mocratique du Congo, Maroc, Burundi, R\u00e9publique Centrafricaine, Tunisie, Gabon, Mauritanie, Martinique, Kenya, Congo Brazzaville , Comores, Ha\u00efti, \u00c9gypte, Alg\u00e9rie, Djibouti) d\u2019Afrique francophone. Ce fort engouement t\u00e9moigne de l\u2019importance croissante des donn\u00e9es ouvertes pour le d\u00e9veloppement, la recherche, l\u2019innovation et la transparence.<\/p>\n\n\n\n<p>Apr\u00e8s un processus rigoureux d\u2019examen des candidatures, le jury a retenu <strong>448 candidats,<\/strong> sur la base de crit\u00e8res tels que la motivation, l\u2019exp\u00e9rience et l\u2019engagement en faveur de la culture des donn\u00e9es ouvertes.<\/p>\n\n\n\n<p>Les candidats retenus ont d\u00e9j\u00e0 \u00e9t\u00e9 contact\u00e9s par courrier \u00e9lectronique.<\/p>\n\n\n\n<p><\/p>\n\n\n\n<h2 class=\"wp-block-heading\"><strong>Prochaines \u00e9tapes<\/strong><\/h2>\n\n\n\n<p><\/p>\n\n\n\n<p class=\"has-text-align-left\">Les candidats s\u00e9lectionn\u00e9s recevront prochainement un e-mail contenant toutes les informations pratiques sur le d\u00e9marrage de la formation, y compris le calendrier de d\u00e9roulement de la formation proprement dite et les param\u00e8tres d&rsquo;acc\u00e8s \u00e0 la plateforme de formation.<\/p>\n\n\n\n<p class=\"has-text-align-left\">Nous remercions tous les candidats pour leur int\u00e9r\u00eat et leur engagement en faveur des donn\u00e9es ouvertes.&nbsp;<\/p>\n\n\n\n<p class=\"has-text-align-left\">Ensemble, construisons une communaut\u00e9 forte et dynamique pour promouvoir l\u2019acc\u00e8s et l\u2019utilisation responsable des donn\u00e9es en Afrique francophone.<\/p>\n","protected":false},"excerpt":{"rendered":"<p>En collaboration avec l\u2019Universit\u00e9 virtuelle du Burkina Faso, nous sommes ravis d\u2019annoncer les r\u00e9sultats des candidatures pour la formation certifiante sur l\u2019ouverture des donn\u00e9es, organis\u00e9e dans le cadre de notre engagement \u00e0 renforcer les capacit\u00e9s des acteurs francophones en mati\u00e8re de donn\u00e9es ouvertes. Une mobilisation remarquable L\u2019appel \u00e0 candidatures a suscit\u00e9 un vif int\u00e9r\u00eat, avec [&hellip;]<\/p>\n","protected":false},"author":2,"featured_media":893,"comment_status":"closed","ping_status":"closed","sticky":false,"template":"","format":"standard","meta":{"_et_pb_use_builder":"","_et_pb_old_content":"","_et_gb_content_width":"","footnotes":""},"categories":[5,13],"tags":[46,71,35,31,65,44],"class_list":["post-892","post","type-post","status-publish","format-standard","has-post-thumbnail","hentry","category-blog","category-formation","tag-cafdo","tag-formationcertifiante","tag-francophone","tag-leadership-2","tag-ouverturedesdonnees","tag-yirwa"],"_links":{"self":[{"href":"https:\/\/www.cafdo.africa\/index.php?rest_route=\/wp\/v2\/posts\/892","targetHints":{"allow":["GET"]}}],"collection":[{"href":"https:\/\/www.cafdo.africa\/index.php?rest_route=\/wp\/v2\/posts"}],"about":[{"href":"https:\/\/www.cafdo.africa\/index.php?rest_route=\/wp\/v2\/types\/post"}],"author":[{"embeddable":true,"href":"https:\/\/www.cafdo.africa\/index.php?rest_route=\/wp\/v2\/users\/2"}],"replies":[{"embeddable":true,"href":"https:\/\/www.cafdo.africa\/index.php?rest_route=%2Fwp%2Fv2%2Fcomments&post=892"}],"version-history":[{"count":2,"href":"https:\/\/www.cafdo.africa\/index.php?rest_route=\/wp\/v2\/posts\/892\/revisions"}],"predecessor-version":[{"id":902,"href":"https:\/\/www.cafdo.africa\/index.php?rest_route=\/wp\/v2\/posts\/892\/revisions\/902"}],"wp:featuredmedia":[{"embeddable":true,"href":"https:\/\/www.cafdo.africa\/index.php?rest_route=\/wp\/v2\/media\/893"}],"wp:attachment":[{"href":"https:\/\/www.cafdo.africa\/index.php?rest_route=%2Fwp%2Fv2%2Fmedia&parent=892"}],"wp:term":[{"taxonomy":"category","embeddable":true,"href":"https:\/\/www.cafdo.africa\/index.php?rest_route=%2Fwp%2Fv2%2Fcategories&post=892"},{"taxonomy":"post_tag","embeddable":true,"href":"https:\/\/www.cafdo.africa\/index.php?rest_route=%2Fwp%2Fv2%2Ftags&post=892"}],"curies":[{"name":"wp","href":"https:\/\/api.w.org\/{rel}","templated":true}]}}