{"id":853,"date":"2024-12-30T16:11:24","date_gmt":"2024-12-30T15:11:24","guid":{"rendered":"https:\/\/www.cafdo.africa\/?p=853"},"modified":"2024-12-30T16:11:41","modified_gmt":"2024-12-30T15:11:41","slug":"appel-a-candidatures-rejoignez-le-reseau-des-champions-de-louverture-des-donnees","status":"publish","type":"post","link":"https:\/\/www.cafdo.africa\/?p=853","title":{"rendered":"Appel \u00e0 candidatures: Rejoignez le r\u00e9seau des champions de l&rsquo;ouverture des donn\u00e9es!"},"content":{"rendered":"\n<p>Dans un monde o\u00f9 les donn\u00e9es deviennent le moteur des transformations sociales, \u00e9conomiques et environnementales, il est essentiel de promouvoir leur ouverture pour une meilleure transparence, une prise de d\u00e9cision \u00e9clair\u00e9e et un d\u00e9veloppement inclusif. C\u2019est pourquoi,&nbsp; nous lan\u00e7ons le programme \u00ab\u00a0r\u00e9seau des champions de l\u2019ouverture des donn\u00e9es\u00a0\u00bb.<\/p>\n\n\n\n<p><strong>Pourquoi cr\u00e9er un r\u00e9seau de champions ?<\/strong><\/p>\n\n\n\n<p>Nous avons cr\u00e9\u00e9 ce programme parce que nous avons besoin de champions pour conduire les changements pour une adoption de la r\u00e9volution des donn\u00e9es dans nos secteurs cibles.<\/p>\n\n\n\n<p>Ce programme novateur a pour ambition de rassembler des leaders issus de diff\u00e9rents secteurs: journalisme, recherche, entrepreneuriat, soci\u00e9t\u00e9 civile et gestion des donn\u00e9es publiques&nbsp; qui partagent la passion commune&nbsp; de faire des donn\u00e9es un levier de changement dans leur secteur.<\/p>\n\n\n\n<p>Les membres du r\u00e9seau b\u00e9n\u00e9ficieront d\u2019un accompagnement strat\u00e9gique, de formations certifiantes et d\u2019opportunit\u00e9s de collaboration avec des experts de l\u2019\u00e9cosyst\u00e8me des donn\u00e9es.<\/p>\n\n\n\n<p><strong>Qui peut devenir un Champion ?<\/strong><\/p>\n\n\n\n<p>Vous qui pensez que dans votre secteur d&rsquo;activit\u00e9, il est possible de mieux faire avec les donn\u00e9es; Vous qui avez envie de faire tellement plus pour une meilleure gestion des donn\u00e9es, pour une meilleure exploitation des donn\u00e9es, pour une plus grande vulgarisation des donn\u00e9es, le programme est fait pour vous, jeune champion.&nbsp;<\/p>\n\n\n\n<p>Nous ciblons particuli\u00e8rement les journalistes, chercheurs, entrepreneurs, acteurs de la soci\u00e9t\u00e9 civile et gestionnaires de donn\u00e9es publiques des pays de l\u2019Afrique francophone, motiv\u00e9s et engag\u00e9s dans la promotion et l\u2019utilisation des donn\u00e9es pour relever des d\u00e9fis concrets et profonds dans leur domaine d\u2019activit\u00e9.&nbsp;<\/p>\n\n\n\n<p><strong>Pourquoi rejoindre le r\u00e9seau ?<\/strong><\/p>\n\n\n\n<p>Rejoignez-nous pour r\u00e9aliser votre r\u00eave de transformer votre secteur, en donnant une nouvelle dimension aux donn\u00e9es.&nbsp;<\/p>\n\n\n\n<p>Pour notre part, nous vous accompagnerons dans cette aventure avec :&nbsp;<\/p>\n\n\n\n<ul class=\"wp-block-list\">\n<li>Une formation certifiante sur l\u2019ouverture des donn\u00e9es dans votre secteur;<\/li>\n\n\n\n<li>Un montant de 2 000 000 de FCFA pour prendre en charge les d\u00e9penses dans le cadre des activit\u00e9s de votre projet;<\/li>\n\n\n\n<li>Des fonds suppl\u00e9mentaires pour des activit\u00e9s sp\u00e9cifiques;<\/li>\n\n\n\n<li>Des webinaires de valorisation de vos travaux;<\/li>\n\n\n\n<li>La participation \u00e0 des conf\u00e9rences sur l\u2019ouverture des donn\u00e9es \u00e0 travers le monde, avec une prise en charge des frais de voyage;<\/li>\n\n\n\n<li>Un mentorat d\u2019experts de niveau international ;<\/li>\n\n\n\n<li>Un r\u00e9seau professionnel \u00e0 travers l\u2019acc\u00e8s \u00e0 la communaut\u00e9 CAFDO et les r\u00e9seaux sur les donn\u00e9es ouvertes \u00e0 travers le monde.<\/li>\n<\/ul>\n\n\n\n<p><strong>Quels sont les crit\u00e8res de s\u00e9lection?<\/strong><\/p>\n\n\n\n<p>Nous sommes \u00e0 la recherche de leaders:&nbsp;<\/p>\n\n\n\n<ul class=\"wp-block-list\">\n<li><strong>motiv\u00e9s<\/strong> : avoir une bonne compr\u00e9hension de la probl\u00e9matique des donn\u00e9es dans son secteur et une forte motivation \u00e0 consacrer son temps \u00e0 participer \u00e0 une am\u00e9lioration de la situation;<\/li>\n\n\n\n<li><strong>bien positionn\u00e9s<\/strong> : avoir une position professionnelle strat\u00e9gique \u00e0 m\u00eame de faciliter l\u2019atteinte des r\u00e9sultats et la construction de coalitions;<\/li>\n\n\n\n<li><strong>exp\u00e9riment\u00e9s <\/strong>\u00a0: avoir une bonne connaissance et une bonne exp\u00e9rience dans le secteur afin de justifier l\u2019opportunit\u00e9 du projet;<\/li>\n\n\n\n<li><strong>ambitieux<\/strong> : les candidats doivent avoir des projets r\u00e9alistes et r\u00e9alisables dont l\u2019objectif est d\u2019am\u00e9liorer la situation de l\u2019ouverture des donn\u00e9es dans leurs secteurs.\u00a0<\/li>\n\n\n\n<li><strong>disponible<\/strong> : \u00eatre disponible pour participer aux r\u00e9unions, au webinaires et travailler sur le projet propos\u00e9.\u00a0<\/li>\n<\/ul>\n\n\n\n<p><strong>Quelles sont les prochaines \u00e9tapes du programme?<\/strong><\/p>\n\n\n\n<ul class=\"wp-block-list\">\n<li>S\u00e9lection des candidats :<\/li>\n<\/ul>\n\n\n\n<p>Les candidats seront \u00e9valu\u00e9s en fonction de leur secteur d\u2019activit\u00e9, de leur motivation, de leur exp\u00e9rience et de la pertinence de leur projet. Deux (02) candidats seront retenus par secteur.<\/p>\n\n\n\n<ul class=\"wp-block-list\">\n<li>Formation certifiante :<\/li>\n<\/ul>\n\n\n\n<p>Les b\u00e9n\u00e9ficiaires suivront une formation certifiante sur l\u2019ouverture des donn\u00e9es. Seuls ceux ayant valid\u00e9 leur certification continueront le programme.<\/p>\n\n\n\n<ul class=\"wp-block-list\">\n<li>\u00a0Mise en \u0153uvre des projets :<\/li>\n<\/ul>\n\n\n\n<p>Les certifi\u00e9s recevront un accompagnement de mentors pour finaliser leurs projets et b\u00e9n\u00e9ficieront d\u2019une allocation en deux tranches, conditionn\u00e9e par les r\u00e9sultats obtenus.<\/p>\n\n\n\n<ul class=\"wp-block-list\">\n<li>Participation aux webinaires :<\/li>\n<\/ul>\n\n\n\n<p>Des webinaires seront organis\u00e9s pour permettre aux champions de partager leurs avanc\u00e9es, leurs activit\u00e9s et leurs r\u00e9sultats avec le r\u00e9seau de la CAFDO.<\/p>\n\n\n\n<ul class=\"wp-block-list\">\n<li>\u00a0Production de vid\u00e9os :<\/li>\n<\/ul>\n\n\n\n<p>\u00c0 l\u2019issue du programme, des vid\u00e9os mettront en lumi\u00e8re les parcours des champions, leurs r\u00e9alisations et les impacts cr\u00e9\u00e9s dans leurs secteurs respectifs.<\/p>\n\n\n\n<p><strong>Comment postuler ?<\/strong><\/p>\n\n\n\n<p>Le processus de candidature est simple :<\/p>\n\n\n\n<p>1. Remplissez le formulaire de candidature disponible ici :<a href=\"https:\/\/forms.gle\/L1sseYzT3jXZTgNz8\">https:\/\/forms.gle\/L1sseYzT3jXZTgNz8<\/a><\/p>\n\n\n\n<p>2. Soumettez une lettre de motivation de deux pages maximum expliquant pourquoi vous souhaitez devenir Champion de l\u2019ouverture des donn\u00e9es;<\/p>\n\n\n\n<p>3. Joignez une proposition de projet ou d\u2019initiative que vous souhaitez d\u00e9velopper dans le cadre de ce programme.<\/p>\n\n\n\n<p>3. Joignez un CV actualis\u00e9 .<\/p>\n\n\n\n<p>Date limite de candidature : <strong>19 janvier 2025 \u00e0 23h 59mns<\/strong><\/p>\n\n\n\n<p>Rejoignez-nous pour apporter une nouvelle perspective de votre secteur et \u00e9crire ensemble un nouveau chapitre de l\u2019innovation et du d\u00e9veloppement en Afrique francophone gr\u00e2ce \u00e0 l\u2019ouverture des donn\u00e9es.<\/p>\n\n\n\n<p class=\"has-text-align-center\"><strong>Bonne chance \u00e0 vous !<\/strong><\/p>\n","protected":false},"excerpt":{"rendered":"<p>Dans un monde o\u00f9 les donn\u00e9es deviennent le moteur des transformations sociales, \u00e9conomiques et environnementales, il est essentiel de promouvoir leur ouverture pour une meilleure transparence, une prise de d\u00e9cision \u00e9clair\u00e9e et un d\u00e9veloppement inclusif. C\u2019est pourquoi,&nbsp; nous lan\u00e7ons le programme \u00ab\u00a0r\u00e9seau des champions de l\u2019ouverture des donn\u00e9es\u00a0\u00bb. Pourquoi cr\u00e9er un r\u00e9seau de champions ? [&hellip;]<\/p>\n","protected":false},"author":2,"featured_media":854,"comment_status":"closed","ping_status":"closed","sticky":false,"template":"","format":"standard","meta":{"_et_pb_use_builder":"off","_et_pb_old_content":"","_et_gb_content_width":"","footnotes":""},"categories":[5,7],"tags":[66,21,46,64,68,65,16,69,44],"class_list":["post-853","post","type-post","status-publish","format-standard","has-post-thumbnail","hentry","category-blog","category-yirwa","tag-acteurdechangement","tag-afrique","tag-cafdo","tag-champions","tag-entreprenariat","tag-ouverturedesdonnees","tag-recherche","tag-societecivile","tag-yirwa"],"_links":{"self":[{"href":"https:\/\/www.cafdo.africa\/index.php?rest_route=\/wp\/v2\/posts\/853","targetHints":{"allow":["GET"]}}],"collection":[{"href":"https:\/\/www.cafdo.africa\/index.php?rest_route=\/wp\/v2\/posts"}],"about":[{"href":"https:\/\/www.cafdo.africa\/index.php?rest_route=\/wp\/v2\/types\/post"}],"author":[{"embeddable":true,"href":"https:\/\/www.cafdo.africa\/index.php?rest_route=\/wp\/v2\/users\/2"}],"replies":[{"embeddable":true,"href":"https:\/\/www.cafdo.africa\/index.php?rest_route=%2Fwp%2Fv2%2Fcomments&post=853"}],"version-history":[{"count":2,"href":"https:\/\/www.cafdo.africa\/index.php?rest_route=\/wp\/v2\/posts\/853\/revisions"}],"predecessor-version":[{"id":856,"href":"https:\/\/www.cafdo.africa\/index.php?rest_route=\/wp\/v2\/posts\/853\/revisions\/856"}],"wp:featuredmedia":[{"embeddable":true,"href":"https:\/\/www.cafdo.africa\/index.php?rest_route=\/wp\/v2\/media\/854"}],"wp:attachment":[{"href":"https:\/\/www.cafdo.africa\/index.php?rest_route=%2Fwp%2Fv2%2Fmedia&parent=853"}],"wp:term":[{"taxonomy":"category","embeddable":true,"href":"https:\/\/www.cafdo.africa\/index.php?rest_route=%2Fwp%2Fv2%2Fcategories&post=853"},{"taxonomy":"post_tag","embeddable":true,"href":"https:\/\/www.cafdo.africa\/index.php?rest_route=%2Fwp%2Fv2%2Ftags&post=853"}],"curies":[{"name":"wp","href":"https:\/\/api.w.org\/{rel}","templated":true}]}}