{"id":782,"date":"2024-07-11T08:00:00","date_gmt":"2024-07-11T06:00:00","guid":{"rendered":"https:\/\/www.cafdo.africa\/?p=782"},"modified":"2024-07-12T17:01:51","modified_gmt":"2024-07-12T15:01:51","slug":"projet-yirwa-appel-a-projets-mini-subventions-pour-la-realisation-dactivites-en-faveur-de-lavancement-de-lagenda-de-louverture-des-donnees-en-afrique-francophone","status":"publish","type":"post","link":"https:\/\/www.cafdo.africa\/?p=782","title":{"rendered":"Projet YIRWA, Appel \u00e0 projets : Mini-subventions pour la r\u00e9alisation d\u2019activit\u00e9s en faveur de l\u2019avancement de l\u2019agenda de l\u2019ouverture des donn\u00e9es en Afrique francophone."},"content":{"rendered":"\n<p><strong>Contexte<\/strong><\/p>\n\n\n\n<p>Le potentiel de l&rsquo;ouverture des donn\u00e9es pour promouvoir l\u2019innovation, la transparence et le d\u00e9veloppement est limit\u00e9 par des d\u00e9fis de manque d&rsquo;infrastructures technologiques, de d\u00e9ficit de comp\u00e9tences techniques et une faible sensibilisation \u00e0 l&rsquo;importance des donn\u00e9es ouvertes. Pour lever ces barri\u00e8res, le projet YIRWA envisage&nbsp; renforcer l\u2019engagement de la communaut\u00e9 en mettant \u00e0 leur disposition des mini-subventions pour soutenir leurs activit\u00e9s en faveur de l\u2019avancement de l\u2019agenda de l\u2019ouverture des donn\u00e9es.&nbsp;<\/p>\n\n\n\n<p><strong>Objectifs du programme<\/strong><\/p>\n\n\n\n<p>Les mini-subventions ont pour objectif de soutenir les initiatives locales qui \u0153uvrent pour l&rsquo;ouverture des donn\u00e9es afin de d\u00e9velopper des cas d\u2019usage concrets qui peuvent \u00eatre exploit\u00e9s pour faire avancer le plaidoyer pour l\u2019ouverture des donn\u00e9es.&nbsp;<\/p>\n\n\n\n<p><strong>Th\u00e9matiques cibles<\/strong><\/p>\n\n\n\n<p>Le programme cible les th\u00e9matiques suivantes : sant\u00e9, agriculture, \u00e9ducation, genre, bonne gouvernance, changements climatiques et entrepreneuriat.&nbsp;<\/p>\n\n\n\n<p><strong>Pays cibles<\/strong><\/p>\n\n\n\n<p>Ce programme s\u2019\u00e9tend sur les pays de l\u2019Afrique francophone: Alg\u00e9rie, B\u00e9nin, Burkina Faso,&nbsp; Burundi, Cameroun, Centrafrique, Comores, Congo, C\u00f4te d&rsquo;Ivoire, Djibouti, Gabon, Guin\u00e9e, Mali, Madagascar, Maroc, Maurice, Mauritanie, Niger, R\u00e9publique centrafricaine, R\u00e9publique d\u00e9mocratique du Congo, S\u00e9n\u00e9gal, Seychelles, Tchad, Togo, Tunisie.<\/p>\n\n\n\n<p><strong>Public cible du programme<\/strong><\/p>\n\n\n\n<p>Le programme cible&nbsp; :&nbsp;<\/p>\n\n\n\n<ul class=\"wp-block-list\">\n<li>les gestionnaires de donn\u00e9es,&nbsp;<\/li>\n\n\n\n<li>les journalistes,&nbsp;<\/li>\n\n\n\n<li>les chercheurs,&nbsp;<\/li>\n\n\n\n<li>les acteurs de la soci\u00e9t\u00e9 civile,&nbsp;<\/li>\n\n\n\n<li>les innovateurs\/entrepreneurs.&nbsp;<\/li>\n<\/ul>\n\n\n\n<p>Une attention particuli\u00e8re est port\u00e9e aux projets propos\u00e9s par des femmes, dans le but d\u2019encourager et de soutenir la participation des femmes dans la probl\u00e9matique de l\u2019ouverture des donn\u00e9es.<\/p>\n\n\n\n<p><strong>Crit\u00e8res de s\u00e9lection<\/strong><\/p>\n\n\n\n<ul class=\"wp-block-list\">\n<li>\u00catre motiv\u00e9 avec un fort engagement vis-\u00e0-vis de l\u2019ouverture des donn\u00e9es;<\/li>\n\n\n\n<li>Pertinence de l&rsquo;activit\u00e9 au regard du contexte local;&nbsp;<\/li>\n\n\n\n<li>Les objectifs de l&rsquo;activit\u00e9 doivent permettre d\u2019atteindre des r\u00e9sultats importants pour l\u2019ouverture des donn\u00e9es au niveau local et r\u00e9gional.<\/li>\n<\/ul>\n\n\n\n<p><strong>\u00c9tapes du programme<\/strong><\/p>\n\n\n\n<ul class=\"wp-block-list\">\n<li>lancement de l\u2019appel \u00e0 projet : la s\u00e9lection des b\u00e9n\u00e9ficiaires se fait&nbsp; apr\u00e8s un appel \u00e0 projets organis\u00e9 tous les trois mois. cet appel durera deux semaines (14 jours);<\/li>\n\n\n\n<li>s\u00e9lection des projets: une semaine (07 jours) pour d\u00e9lib\u00e9rer et annoncer les r\u00e9sultats, un maximum de six (06) projets seront s\u00e9lectionn\u00e9s et financ\u00e9s;<\/li>\n\n\n\n<li>r\u00e9alisation du projet : les b\u00e9n\u00e9ficiaires doivent imp\u00e9rativement r\u00e9aliser leur projet dans les 45 jours suivant l\u2019annonce des r\u00e9sultats et disposeront d\u2019un d\u00e9lai maximum de deux semaines (14 jours) pour soumettre les rapports d\u2019activit\u00e9s, les rapports financiers, les billets de blog, les photos et les vid\u00e9os de l\u2019activit\u00e9.&nbsp;<\/li>\n\n\n\n<li>restitution des r\u00e9sultats : les b\u00e9n\u00e9ficiaires pr\u00e9sentent les r\u00e9sultats de leurs projets durant un webinaire organis\u00e9 \u00e0 ce propos.<\/li>\n<\/ul>\n\n\n\n<p><strong>Documents et proc\u00e9dure de soumission \u00e0 l\u2019appel \u00e0 projet<\/strong><\/p>\n\n\n\n<p>Documents de candidature \u00e0 fournir:<\/p>\n\n\n\n<ul class=\"wp-block-list\">\n<li>Formulaire en ligne \u00e0 remplir;<\/li>\n\n\n\n<li>CV du porteur de projet.<\/li>\n<\/ul>\n\n\n\n<p><strong>Liens utiles<\/strong><\/p>\n\n\n\n<p>Avant de b\u00e9n\u00e9ficier du programme, nous vous invitons \u00e0 rejoindre le r\u00e9seau de la CAFDO. Remplissez le formulaire d&rsquo;adh\u00e9sion <a href=\"https:\/\/docs.google.com\/forms\/d\/e\/1FAIpQLSfuQWLCES6Ym8HrVWQ1pASz1CJlP6_TtPRp3YsFGYJgMHWk2g\/viewform?usp=sf_link\">ici<\/a> <a href=\"https:\/\/docs.google.com\/forms\/d\/e\/1FAIpQLSfuQWLCES6Ym8HrVWQ1pASz1CJlP6_TtPRp3YsFGYJgMHWk2g\/viewform?usp=sf_link\">.<\/a><\/p>\n\n\n\n<p>Pour savoir plus sur le programme de mini-subventions lire cet article <a href=\"https:\/\/www.cafdo.africa\/?p=746\">https:\/\/www.cafdo.africa\/?p=746<\/a><\/p>\n\n\n\n<p>Le formulaire de candidature est \u00e0 renseigner <a href=\"https:\/\/docs.google.com\/forms\/d\/e\/1FAIpQLSfFmbstkhAK6cWzhS9I9LglQmLrySjwWnGu9ssTNvHhLq6ITg\/viewform?usp=sf_link\">ici<\/a> .<\/p>\n\n\n\n<p><strong>Date limite pour candidater 25 juillet 2024 \u00e0 23h59 mns.<\/strong><\/p>\n\n\n\n<p><strong>FAQ (Foire aux questions)<\/strong><\/p>\n\n\n\n<p><strong>Question 1<\/strong><\/p>\n\n\n\n<p>Est-ce qu\u2019une Universit\u00e9 ou un laboratoire d&rsquo;Universit\u00e9 est \u00e9ligible pour postuler?<\/p>\n\n\n\n<p><strong>R\u00e9ponse 1<\/strong><\/p>\n\n\n\n<p>Les Universit\u00e9s et Laboratoire de recherches sont \u00e9ligibles, \u00e0 condition que le porteur du projet soit un chercheur.<\/p>\n\n\n\n<p><strong>Question 2<\/strong>&nbsp;<\/p>\n\n\n\n<p>Est-ce qu\u2019une Organisation de la soci\u00e9t\u00e9 civile peut postuler au nom de l\u2019organisation?<\/p>\n\n\n\n<p><strong>R\u00e9ponse 2<\/strong><\/p>\n\n\n\n<p>Les organisations de la soci\u00e9t\u00e9 civile sont \u00e9ligibles, mais il faut que le porteur du projet soit un membre engag\u00e9 dans la promotion de l&rsquo;ouverture des donn\u00e9es.<\/p>\n\n\n\n<p><strong>Question 3<\/strong><\/p>\n\n\n\n<p>Est-ce qu\u2019une association de journalistes est \u00e9ligible pour postuler?<\/p>\n\n\n\n<p><strong>R\u00e9ponse 3<\/strong><\/p>\n\n\n\n<p>Les associations des journalistes sont \u00e9ligibles \u00e0 postuler,&nbsp; \u00e0 condition que le porteur du projet soit un journaliste engag\u00e9.<\/p>\n\n\n\n<p><strong>Question 4<\/strong><\/p>\n\n\n\n<p>Que faut-il comprendre par innovateur?<\/p>\n\n\n\n<p><strong>R\u00e9ponse 4<\/strong><\/p>\n\n\n\n<p>Toute personne ayant des id\u00e9es innovantes, bas\u00e9es sur la technologie et les donn\u00e9es. Et dont l\u2019objectif est de g\u00e9n\u00e9rer des ressources financi\u00e8res.<\/p>\n\n\n\n<p><strong>Question 5<\/strong><\/p>\n\n\n\n<p>Combien de projets seront retenus, y aura un quota par pays?<\/p>\n\n\n\n<p><strong>R\u00e9ponse 5<\/strong><\/p>\n\n\n\n<p>Au total six (06) projets seront retenus, la s\u00e9lection des projets se fera en fonction de la pertinence de l&rsquo;activit\u00e9 au regard du contexte local et des objectifs de l&rsquo;activit\u00e9 en rapport aux objectifs du programme.&nbsp;<\/p>\n\n\n\n<p><strong>Question 6&nbsp;<\/strong><\/p>\n\n\n\n<p>Si le projet est tr\u00e8s pertinent et promet de grands r\u00e9sultats pour apporter un grand changement dans la r\u00e9gion, mais que le budget ne suffit pas, est-ce possible d\u2019augmenter la subvention?<\/p>\n\n\n\n<p><strong>R\u00e9ponse 6&nbsp;<\/strong><\/p>\n\n\n\n<p>En ce qui concerne la subvention, veuillez noter que la subvention ne d\u00e9passera pas 450 000 f CFA.<\/p>\n\n\n\n<p><strong>Question 7<\/strong><\/p>\n\n\n\n<p>Si il arrive que d\u00fb \u00e0 des impr\u00e9vus, le timing de la r\u00e9alisation de l&rsquo;activit\u00e9 ne soit pas respect\u00e9, est-ce possible d\u2019avoir un temps suppl\u00e9mentaire?<\/p>\n\n\n\n<p><strong>R\u00e9ponse 7<\/strong><\/p>\n\n\n\n<p>Le respect du calendrier d&rsquo;ex\u00e9cution de votre activit\u00e9 est capital pour notre calendrier trimestriel du programme, \u00e9tant donn\u00e9 que nous lan\u00e7ons un appel&nbsp; chaque trimestre, il ne sera&nbsp; pas possible de reporter l&rsquo;activit\u00e9.<\/p>\n\n\n\n<p><strong>NB:<\/strong> Si vous avez d\u2019autres questions n&rsquo;h\u00e9sitez pas \u00e0 nous \u00e9crire \u00e0 cette adresse constance point arobase openburkina point bf <\/p>\n\n\n\n<p><\/p>\n\n\n\n<p class=\"has-text-align-center\"><strong>Bonne chance \u00e0 vous!!!<\/strong><\/p>\n","protected":false},"excerpt":{"rendered":"<p>Contexte Le potentiel de l&rsquo;ouverture des donn\u00e9es pour promouvoir l\u2019innovation, la transparence et le d\u00e9veloppement est limit\u00e9 par des d\u00e9fis de manque d&rsquo;infrastructures technologiques, de d\u00e9ficit de comp\u00e9tences techniques et une faible sensibilisation \u00e0 l&rsquo;importance des donn\u00e9es ouvertes. Pour lever ces barri\u00e8res, le projet YIRWA envisage&nbsp; renforcer l\u2019engagement de la communaut\u00e9 en mettant \u00e0 leur [&hellip;]<\/p>\n","protected":false},"author":2,"featured_media":783,"comment_status":"closed","ping_status":"closed","sticky":false,"template":"","format":"standard","meta":{"_et_pb_use_builder":"off","_et_pb_old_content":"","_et_gb_content_width":"","footnotes":""},"categories":[12,5],"tags":[21,53,29,41,19,51,31,52,34],"class_list":["post-782","post","type-post","status-publish","format-standard","has-post-thumbnail","hentry","category-appuis-financiers","category-blog","tag-afrique","tag-appelaprojets","tag-communaute","tag-competences","tag-ecosysteme","tag-financier","tag-leadership-2","tag-minisubvention","tag-opendata"],"_links":{"self":[{"href":"https:\/\/www.cafdo.africa\/index.php?rest_route=\/wp\/v2\/posts\/782","targetHints":{"allow":["GET"]}}],"collection":[{"href":"https:\/\/www.cafdo.africa\/index.php?rest_route=\/wp\/v2\/posts"}],"about":[{"href":"https:\/\/www.cafdo.africa\/index.php?rest_route=\/wp\/v2\/types\/post"}],"author":[{"embeddable":true,"href":"https:\/\/www.cafdo.africa\/index.php?rest_route=\/wp\/v2\/users\/2"}],"replies":[{"embeddable":true,"href":"https:\/\/www.cafdo.africa\/index.php?rest_route=%2Fwp%2Fv2%2Fcomments&post=782"}],"version-history":[{"count":3,"href":"https:\/\/www.cafdo.africa\/index.php?rest_route=\/wp\/v2\/posts\/782\/revisions"}],"predecessor-version":[{"id":788,"href":"https:\/\/www.cafdo.africa\/index.php?rest_route=\/wp\/v2\/posts\/782\/revisions\/788"}],"wp:featuredmedia":[{"embeddable":true,"href":"https:\/\/www.cafdo.africa\/index.php?rest_route=\/wp\/v2\/media\/783"}],"wp:attachment":[{"href":"https:\/\/www.cafdo.africa\/index.php?rest_route=%2Fwp%2Fv2%2Fmedia&parent=782"}],"wp:term":[{"taxonomy":"category","embeddable":true,"href":"https:\/\/www.cafdo.africa\/index.php?rest_route=%2Fwp%2Fv2%2Fcategories&post=782"},{"taxonomy":"post_tag","embeddable":true,"href":"https:\/\/www.cafdo.africa\/index.php?rest_route=%2Fwp%2Fv2%2Ftags&post=782"}],"curies":[{"name":"wp","href":"https:\/\/api.w.org\/{rel}","templated":true}]}}